{"id":5225,"date":"2019-06-05T16:11:01","date_gmt":"2019-06-05T16:11:01","guid":{"rendered":"https:\/\/www.restaurantcalpupinet.com\/abrimos-la-pupineta-verano-del-2019\/"},"modified":"2021-11-26T18:23:01","modified_gmt":"2021-11-26T18:23:01","slug":"abrimos-la-pupineta-verano-del-2019","status":"publish","type":"post","link":"https:\/\/www.restaurantcalpupinet.com\/es\/abrimos-la-pupineta-verano-del-2019\/","title":{"rendered":"ABRIMOS LA PUPINETA VERANO DEL 2019"},"content":{"rendered":"<h1 style=\"text-align: center;\"><span style=\"color: #350080;\"><b>ABRIMOS LA PUPINETA<\/b><\/span><\/h1>\n<blockquote><p><strong>CENA INAUGURAL <\/strong><\/p><\/blockquote>\n<h4><strong>S\u00e1bado 08 de junio <\/strong><\/h4>\n<p>A las 20:30 h, <em><strong>La Pupineta,<\/strong><\/em> la terraza-jard\u00edn de Cal Pupinet, abre sus puertas con un <strong>men\u00fa especial<\/strong> con el que podr\u00e9is degustar y descubrir algunas de las propuestas que se incluir\u00e1n en el servicio de carta.<\/p>\n<h4 style=\"text-align: center;\">Men\u00fa Inaugural<\/h4>\n<p style=\"text-align: center;\"><em>Braves con Gracia<\/em><br \/>\n<em>Crema de berenjena asada con queso de cabra<\/em><br \/>\n<em>Nuestra rusa con aguacate y gambas<\/em><br \/>\n<em>Raviolis de rabo de buey con foie y nube de parmesano<\/em><br \/>\n<em>Costillar de cerdo \u00abLa Pupineta\u00bb cocido a baja temperatura<\/em><br \/>\n<em>Bebida y postre incluidos.<\/em><br \/>\n<em><strong>16,50 \u20ac<\/strong> \/ persona<\/em><\/p>\n<p>&nbsp;<\/p>\n<p>Y a las 24:00 h. En la plaza de la iglesia, Castellbisbal<br \/>\nNoche de conciertos con HOTEL COCHAMBRE y DJ COCHAMBRE<\/p>\n<p>Una banda de versiones que pone un punto de teatro a sus actuaciones, un referente de las fiestas populares.<br \/>\n(Entrada gratuita, con aforo limitado)<\/p>\n<hr \/>\n<blockquote><p><strong>La Pupineta <\/strong><\/p><\/blockquote>\n<p>En verano, <em><strong>La Pupineta<\/strong><\/em> os ofrece:<\/p>\n<p>A partir del 17 de junio, los mediod\u00edas de lunes a viernes, men\u00fa diario 12,50.<br \/>\nA partir del 14 de junio, en las noches de viernes y s\u00e1bados, carta de tapas, brasa, postres &amp; copas.<\/p>\n<p>No te quedes sin disfrutar de <em><strong>La Pupineta<\/strong><\/em>, comidas deliciosas al aire libre, precios atractivos, y por la noche corre el fresco. Sin duda, <em><strong>La Pupineta<\/strong><\/em>, Es el mejor espacio de Castellbisbal donde pasar el verano!<\/p>\n\n\t\t<style type=\"text\/css\">\n\t\t\t#gallery-1 {\n\t\t\t\tmargin: auto;\n\t\t\t}\n\t\t\t#gallery-1 .gallery-item {\n\t\t\t\tfloat: left;\n\t\t\t\tmargin-top: 10px;\n\t\t\t\ttext-align: center;\n\t\t\t\twidth: 33%;\n\t\t\t}\n\t\t\t#gallery-1 img {\n\t\t\t\tborder: 2px solid #cfcfcf;\n\t\t\t}\n\t\t\t#gallery-1 .gallery-caption {\n\t\t\t\tmargin-left: 0;\n\t\t\t}\n\t\t\t\/* see gallery_shortcode() in wp-includes\/media.php *\/\n\t\t<\/style>\n\t\t<div id='gallery-1' class='gallery galleryid-5225 gallery-columns-3 gallery-size-thumbnail'><dl class='gallery-item'>\n\t\t\t<dt class='gallery-icon landscape'>\n\t\t\t\t<a data-rel=\"iLightbox[postimages]\" data-title=\"LaPupineta\" data-caption=\"\" href='https:\/\/www.restaurantcalpupinet.com\/wp-content\/uploads\/2019\/06\/lapupineta.png'><img decoding=\"async\" width=\"150\" height=\"150\" src=\"https:\/\/www.restaurantcalpupinet.com\/wp-content\/uploads\/2019\/06\/lapupineta-150x150.png\" class=\"attachment-thumbnail size-thumbnail\" alt=\"\" srcset=\"https:\/\/www.restaurantcalpupinet.com\/wp-content\/uploads\/2019\/06\/lapupineta-64x64.png 64w, https:\/\/www.restaurantcalpupinet.com\/wp-content\/uploads\/2019\/06\/lapupineta-100x100.png 100w, https:\/\/www.restaurantcalpupinet.com\/wp-content\/uploads\/2019\/06\/lapupineta-150x150.png 150w, https:\/\/www.restaurantcalpupinet.com\/wp-content\/uploads\/2019\/06\/lapupineta-300x300.png 300w, https:\/\/www.restaurantcalpupinet.com\/wp-content\/uploads\/2019\/06\/lapupineta-400x400.png 400w, https:\/\/www.restaurantcalpupinet.com\/wp-content\/uploads\/2019\/06\/lapupineta-600x600.png 600w, https:\/\/www.restaurantcalpupinet.com\/wp-content\/uploads\/2019\/06\/lapupineta-768x768.png 768w, https:\/\/www.restaurantcalpupinet.com\/wp-content\/uploads\/2019\/06\/lapupineta-900x900.png 900w, https:\/\/www.restaurantcalpupinet.com\/wp-content\/uploads\/2019\/06\/lapupineta-1024x1024.png 1024w, https:\/\/www.restaurantcalpupinet.com\/wp-content\/uploads\/2019\/06\/lapupineta-1200x1200.png 1200w\" sizes=\"(max-width: 150px) 100vw, 150px\" \/><\/a>\n\t\t\t<\/dt><\/dl><dl class='gallery-item'>\n\t\t\t<dt class='gallery-icon landscape'>\n\t\t\t\t<a data-rel=\"iLightbox[postimages]\" data-title=\"Sin t\u00edtulo\" data-caption=\"\" href='https:\/\/www.restaurantcalpupinet.com\/wp-content\/uploads\/2019\/06\/sin-titulo.png'><img decoding=\"async\" width=\"150\" height=\"150\" src=\"https:\/\/www.restaurantcalpupinet.com\/wp-content\/uploads\/2019\/06\/sin-titulo-150x150.png\" class=\"attachment-thumbnail size-thumbnail\" alt=\"\" srcset=\"https:\/\/www.restaurantcalpupinet.com\/wp-content\/uploads\/2019\/06\/sin-titulo-64x64.png 64w, https:\/\/www.restaurantcalpupinet.com\/wp-content\/uploads\/2019\/06\/sin-titulo-100x100.png 100w, https:\/\/www.restaurantcalpupinet.com\/wp-content\/uploads\/2019\/06\/sin-titulo-150x150.png 150w, https:\/\/www.restaurantcalpupinet.com\/wp-content\/uploads\/2019\/06\/sin-titulo-300x300.png 300w, https:\/\/www.restaurantcalpupinet.com\/wp-content\/uploads\/2019\/06\/sin-titulo-400x399.png 400w, https:\/\/www.restaurantcalpupinet.com\/wp-content\/uploads\/2019\/06\/sin-titulo-600x599.png 600w, https:\/\/www.restaurantcalpupinet.com\/wp-content\/uploads\/2019\/06\/sin-titulo-768x767.png 768w, https:\/\/www.restaurantcalpupinet.com\/wp-content\/uploads\/2019\/06\/sin-titulo.png 777w\" sizes=\"(max-width: 150px) 100vw, 150px\" \/><\/a>\n\t\t\t<\/dt><\/dl><dl class='gallery-item'>\n\t\t\t<dt class='gallery-icon landscape'>\n\t\t\t\t<a data-rel=\"iLightbox[postimages]\" data-title=\"LaPupineta2\" data-caption=\"\" href='https:\/\/www.restaurantcalpupinet.com\/wp-content\/uploads\/2019\/06\/lapupineta2.png'><img decoding=\"async\" width=\"150\" height=\"150\" src=\"https:\/\/www.restaurantcalpupinet.com\/wp-content\/uploads\/2019\/06\/lapupineta2-150x150.png\" class=\"attachment-thumbnail size-thumbnail\" alt=\"\" srcset=\"https:\/\/www.restaurantcalpupinet.com\/wp-content\/uploads\/2019\/06\/lapupineta2-64x64.png 64w, https:\/\/www.restaurantcalpupinet.com\/wp-content\/uploads\/2019\/06\/lapupineta2-100x100.png 100w, https:\/\/www.restaurantcalpupinet.com\/wp-content\/uploads\/2019\/06\/lapupineta2-150x150.png 150w, https:\/\/www.restaurantcalpupinet.com\/wp-content\/uploads\/2019\/06\/lapupineta2-300x300.png 300w, https:\/\/www.restaurantcalpupinet.com\/wp-content\/uploads\/2019\/06\/lapupineta2-400x400.png 400w, https:\/\/www.restaurantcalpupinet.com\/wp-content\/uploads\/2019\/06\/lapupineta2-600x600.png 600w, https:\/\/www.restaurantcalpupinet.com\/wp-content\/uploads\/2019\/06\/lapupineta2-768x768.png 768w, https:\/\/www.restaurantcalpupinet.com\/wp-content\/uploads\/2019\/06\/lapupineta2-900x900.png 900w, https:\/\/www.restaurantcalpupinet.com\/wp-content\/uploads\/2019\/06\/lapupineta2-1024x1024.png 1024w, https:\/\/www.restaurantcalpupinet.com\/wp-content\/uploads\/2019\/06\/lapupineta2-1200x1200.png 1200w\" sizes=\"(max-width: 150px) 100vw, 150px\" \/><\/a>\n\t\t\t<\/dt><\/dl><br style=\"clear: both\" \/>\n\t\t<\/div>\n\n<hr \/>\n","protected":false},"excerpt":{"rendered":"<p>ABRIMOS LA PUPINETA CENA INAUGURAL S\u00e1bado 08 de junio A las 20:30 h, La Pupineta, la terraza-jard\u00edn de Cal Pupinet, abre sus puertas con un men\u00fa especial con el que podr\u00e9is degustar y descubrir algunas de las propuestas que  [&#8230;]<\/p>\n","protected":false},"author":254,"featured_media":6170,"comment_status":"closed","ping_status":"open","sticky":false,"template":"","format":"standard","meta":{"footnotes":""},"categories":[83,85,58],"tags":[],"wf_post_folders":[],"class_list":["post-5225","post","type-post","status-publish","format-standard","has-post-thumbnail","hentry","category-agenda-es","category-general-es","category-noticias"],"yoast_head":"<!-- This site is optimized with the Yoast SEO plugin v26.6 - https:\/\/yoast.com\/wordpress\/plugins\/seo\/ -->\n<title>ABRIMOS LA PUPINETA VERANO DEL 2019 - Cal Pupinet<\/title>\n<meta name=\"robots\" content=\"index, follow, max-snippet:-1, max-image-preview:large, max-video-preview:-1\" \/>\n<link rel=\"canonical\" href=\"https:\/\/www.restaurantcalpupinet.com\/es\/abrimos-la-pupineta-verano-del-2019\/\" \/>\n<meta property=\"og:locale\" content=\"es_ES\" \/>\n<meta property=\"og:type\" content=\"article\" \/>\n<meta property=\"og:title\" content=\"ABRIMOS LA PUPINETA VERANO DEL 2019 - Cal Pupinet\" \/>\n<meta property=\"og:description\" content=\"ABRIMOS LA PUPINETA CENA INAUGURAL S\u00e1bado 08 de junio A las 20:30 h, La Pupineta, la terraza-jard\u00edn de Cal Pupinet, abre sus puertas con un men\u00fa especial con el que podr\u00e9is degustar y descubrir algunas de las propuestas que [...]\" \/>\n<meta property=\"og:url\" content=\"https:\/\/www.restaurantcalpupinet.com\/es\/abrimos-la-pupineta-verano-del-2019\/\" \/>\n<meta property=\"og:site_name\" content=\"Cal Pupinet\" \/>\n<meta property=\"article:publisher\" content=\"https:\/\/www.facebook.com\/calpupinet\/\" \/>\n<meta property=\"article:published_time\" content=\"2019-06-05T16:11:01+00:00\" \/>\n<meta property=\"article:modified_time\" content=\"2021-11-26T18:23:01+00:00\" \/>\n<meta property=\"og:image\" content=\"https:\/\/www.restaurantcalpupinet.com\/wp-content\/uploads\/2019\/06\/pupinetabrasa.jpg\" \/>\n\t<meta property=\"og:image:width\" content=\"781\" \/>\n\t<meta property=\"og:image:height\" content=\"784\" \/>\n\t<meta property=\"og:image:type\" content=\"image\/jpeg\" \/>\n<meta name=\"author\" content=\"Llu\u00eds\" \/>\n<meta name=\"twitter:card\" content=\"summary_large_image\" \/>\n<meta name=\"twitter:creator\" content=\"@Calpupinet\" \/>\n<meta name=\"twitter:site\" content=\"@Calpupinet\" \/>\n<meta name=\"twitter:label1\" content=\"Escrito por\" \/>\n\t<meta name=\"twitter:data1\" content=\"Llu\u00eds\" \/>\n\t<meta name=\"twitter:label2\" content=\"Tiempo de lectura\" \/>\n\t<meta name=\"twitter:data2\" content=\"1 minuto\" \/>\n<script type=\"application\/ld+json\" class=\"yoast-schema-graph\">{\"@context\":\"https:\/\/schema.org\",\"@graph\":[{\"@type\":\"WebPage\",\"@id\":\"https:\/\/www.restaurantcalpupinet.com\/es\/abrimos-la-pupineta-verano-del-2019\/\",\"url\":\"https:\/\/www.restaurantcalpupinet.com\/es\/abrimos-la-pupineta-verano-del-2019\/\",\"name\":\"ABRIMOS LA PUPINETA VERANO DEL 2019 - Cal Pupinet\",\"isPartOf\":{\"@id\":\"https:\/\/www.restaurantcalpupinet.com\/es\/#website\"},\"primaryImageOfPage\":{\"@id\":\"https:\/\/www.restaurantcalpupinet.com\/es\/abrimos-la-pupineta-verano-del-2019\/#primaryimage\"},\"image\":{\"@id\":\"https:\/\/www.restaurantcalpupinet.com\/es\/abrimos-la-pupineta-verano-del-2019\/#primaryimage\"},\"thumbnailUrl\":\"https:\/\/www.restaurantcalpupinet.com\/wp-content\/uploads\/2019\/06\/pupinetabrasa.jpg\",\"datePublished\":\"2019-06-05T16:11:01+00:00\",\"dateModified\":\"2021-11-26T18:23:01+00:00\",\"author\":{\"@id\":\"https:\/\/www.restaurantcalpupinet.com\/es\/#\/schema\/person\/36d80bca648f530d30f2fce74f0c5e57\"},\"breadcrumb\":{\"@id\":\"https:\/\/www.restaurantcalpupinet.com\/es\/abrimos-la-pupineta-verano-del-2019\/#breadcrumb\"},\"inLanguage\":\"es\",\"potentialAction\":[{\"@type\":\"ReadAction\",\"target\":[\"https:\/\/www.restaurantcalpupinet.com\/es\/abrimos-la-pupineta-verano-del-2019\/\"]}]},{\"@type\":\"ImageObject\",\"inLanguage\":\"es\",\"@id\":\"https:\/\/www.restaurantcalpupinet.com\/es\/abrimos-la-pupineta-verano-del-2019\/#primaryimage\",\"url\":\"https:\/\/www.restaurantcalpupinet.com\/wp-content\/uploads\/2019\/06\/pupinetabrasa.jpg\",\"contentUrl\":\"https:\/\/www.restaurantcalpupinet.com\/wp-content\/uploads\/2019\/06\/pupinetabrasa.jpg\",\"width\":781,\"height\":784},{\"@type\":\"BreadcrumbList\",\"@id\":\"https:\/\/www.restaurantcalpupinet.com\/es\/abrimos-la-pupineta-verano-del-2019\/#breadcrumb\",\"itemListElement\":[{\"@type\":\"ListItem\",\"position\":1,\"name\":\"Inici\",\"item\":\"https:\/\/www.restaurantcalpupinet.com\/es\/\"},{\"@type\":\"ListItem\",\"position\":2,\"name\":\"ABRIMOS LA PUPINETA VERANO DEL 2019\"}]},{\"@type\":\"WebSite\",\"@id\":\"https:\/\/www.restaurantcalpupinet.com\/es\/#website\",\"url\":\"https:\/\/www.restaurantcalpupinet.com\/es\/\",\"name\":\"Cal Pupinet\",\"description\":\"Restaurant Cal Pupinet\",\"potentialAction\":[{\"@type\":\"SearchAction\",\"target\":{\"@type\":\"EntryPoint\",\"urlTemplate\":\"https:\/\/www.restaurantcalpupinet.com\/es\/?s={search_term_string}\"},\"query-input\":{\"@type\":\"PropertyValueSpecification\",\"valueRequired\":true,\"valueName\":\"search_term_string\"}}],\"inLanguage\":\"es\"},{\"@type\":\"Person\",\"@id\":\"https:\/\/www.restaurantcalpupinet.com\/es\/#\/schema\/person\/36d80bca648f530d30f2fce74f0c5e57\",\"name\":\"Llu\u00eds\",\"image\":{\"@type\":\"ImageObject\",\"inLanguage\":\"es\",\"@id\":\"https:\/\/www.restaurantcalpupinet.com\/es\/#\/schema\/person\/image\/\",\"url\":\"https:\/\/secure.gravatar.com\/avatar\/cf8b8b720356ae8326c6a4fa2e658ddba740de855786ebc6b09c4c05c65ae26c?s=96&d=mm&r=g\",\"contentUrl\":\"https:\/\/secure.gravatar.com\/avatar\/cf8b8b720356ae8326c6a4fa2e658ddba740de855786ebc6b09c4c05c65ae26c?s=96&d=mm&r=g\",\"caption\":\"Llu\u00eds\"}}]}<\/script>\n<!-- \/ Yoast SEO plugin. -->","yoast_head_json":{"title":"ABRIMOS LA PUPINETA VERANO DEL 2019 - Cal Pupinet","robots":{"index":"index","follow":"follow","max-snippet":"max-snippet:-1","max-image-preview":"max-image-preview:large","max-video-preview":"max-video-preview:-1"},"canonical":"https:\/\/www.restaurantcalpupinet.com\/es\/abrimos-la-pupineta-verano-del-2019\/","og_locale":"es_ES","og_type":"article","og_title":"ABRIMOS LA PUPINETA VERANO DEL 2019 - Cal Pupinet","og_description":"ABRIMOS LA PUPINETA CENA INAUGURAL S\u00e1bado 08 de junio A las 20:30 h, La Pupineta, la terraza-jard\u00edn de Cal Pupinet, abre sus puertas con un men\u00fa especial con el que podr\u00e9is degustar y descubrir algunas de las propuestas que [...]","og_url":"https:\/\/www.restaurantcalpupinet.com\/es\/abrimos-la-pupineta-verano-del-2019\/","og_site_name":"Cal Pupinet","article_publisher":"https:\/\/www.facebook.com\/calpupinet\/","article_published_time":"2019-06-05T16:11:01+00:00","article_modified_time":"2021-11-26T18:23:01+00:00","og_image":[{"width":781,"height":784,"url":"https:\/\/www.restaurantcalpupinet.com\/wp-content\/uploads\/2019\/06\/pupinetabrasa.jpg","type":"image\/jpeg"}],"author":"Llu\u00eds","twitter_card":"summary_large_image","twitter_creator":"@Calpupinet","twitter_site":"@Calpupinet","twitter_misc":{"Escrito por":"Llu\u00eds","Tiempo de lectura":"1 minuto"},"schema":{"@context":"https:\/\/schema.org","@graph":[{"@type":"WebPage","@id":"https:\/\/www.restaurantcalpupinet.com\/es\/abrimos-la-pupineta-verano-del-2019\/","url":"https:\/\/www.restaurantcalpupinet.com\/es\/abrimos-la-pupineta-verano-del-2019\/","name":"ABRIMOS LA PUPINETA VERANO DEL 2019 - Cal Pupinet","isPartOf":{"@id":"https:\/\/www.restaurantcalpupinet.com\/es\/#website"},"primaryImageOfPage":{"@id":"https:\/\/www.restaurantcalpupinet.com\/es\/abrimos-la-pupineta-verano-del-2019\/#primaryimage"},"image":{"@id":"https:\/\/www.restaurantcalpupinet.com\/es\/abrimos-la-pupineta-verano-del-2019\/#primaryimage"},"thumbnailUrl":"https:\/\/www.restaurantcalpupinet.com\/wp-content\/uploads\/2019\/06\/pupinetabrasa.jpg","datePublished":"2019-06-05T16:11:01+00:00","dateModified":"2021-11-26T18:23:01+00:00","author":{"@id":"https:\/\/www.restaurantcalpupinet.com\/es\/#\/schema\/person\/36d80bca648f530d30f2fce74f0c5e57"},"breadcrumb":{"@id":"https:\/\/www.restaurantcalpupinet.com\/es\/abrimos-la-pupineta-verano-del-2019\/#breadcrumb"},"inLanguage":"es","potentialAction":[{"@type":"ReadAction","target":["https:\/\/www.restaurantcalpupinet.com\/es\/abrimos-la-pupineta-verano-del-2019\/"]}]},{"@type":"ImageObject","inLanguage":"es","@id":"https:\/\/www.restaurantcalpupinet.com\/es\/abrimos-la-pupineta-verano-del-2019\/#primaryimage","url":"https:\/\/www.restaurantcalpupinet.com\/wp-content\/uploads\/2019\/06\/pupinetabrasa.jpg","contentUrl":"https:\/\/www.restaurantcalpupinet.com\/wp-content\/uploads\/2019\/06\/pupinetabrasa.jpg","width":781,"height":784},{"@type":"BreadcrumbList","@id":"https:\/\/www.restaurantcalpupinet.com\/es\/abrimos-la-pupineta-verano-del-2019\/#breadcrumb","itemListElement":[{"@type":"ListItem","position":1,"name":"Inici","item":"https:\/\/www.restaurantcalpupinet.com\/es\/"},{"@type":"ListItem","position":2,"name":"ABRIMOS LA PUPINETA VERANO DEL 2019"}]},{"@type":"WebSite","@id":"https:\/\/www.restaurantcalpupinet.com\/es\/#website","url":"https:\/\/www.restaurantcalpupinet.com\/es\/","name":"Cal Pupinet","description":"Restaurant Cal Pupinet","potentialAction":[{"@type":"SearchAction","target":{"@type":"EntryPoint","urlTemplate":"https:\/\/www.restaurantcalpupinet.com\/es\/?s={search_term_string}"},"query-input":{"@type":"PropertyValueSpecification","valueRequired":true,"valueName":"search_term_string"}}],"inLanguage":"es"},{"@type":"Person","@id":"https:\/\/www.restaurantcalpupinet.com\/es\/#\/schema\/person\/36d80bca648f530d30f2fce74f0c5e57","name":"Llu\u00eds","image":{"@type":"ImageObject","inLanguage":"es","@id":"https:\/\/www.restaurantcalpupinet.com\/es\/#\/schema\/person\/image\/","url":"https:\/\/secure.gravatar.com\/avatar\/cf8b8b720356ae8326c6a4fa2e658ddba740de855786ebc6b09c4c05c65ae26c?s=96&d=mm&r=g","contentUrl":"https:\/\/secure.gravatar.com\/avatar\/cf8b8b720356ae8326c6a4fa2e658ddba740de855786ebc6b09c4c05c65ae26c?s=96&d=mm&r=g","caption":"Llu\u00eds"}}]}},"_links":{"self":[{"href":"https:\/\/www.restaurantcalpupinet.com\/es\/wp-json\/wp\/v2\/posts\/5225","targetHints":{"allow":["GET"]}}],"collection":[{"href":"https:\/\/www.restaurantcalpupinet.com\/es\/wp-json\/wp\/v2\/posts"}],"about":[{"href":"https:\/\/www.restaurantcalpupinet.com\/es\/wp-json\/wp\/v2\/types\/post"}],"author":[{"embeddable":true,"href":"https:\/\/www.restaurantcalpupinet.com\/es\/wp-json\/wp\/v2\/users\/254"}],"replies":[{"embeddable":true,"href":"https:\/\/www.restaurantcalpupinet.com\/es\/wp-json\/wp\/v2\/comments?post=5225"}],"version-history":[{"count":0,"href":"https:\/\/www.restaurantcalpupinet.com\/es\/wp-json\/wp\/v2\/posts\/5225\/revisions"}],"wp:featuredmedia":[{"embeddable":true,"href":"https:\/\/www.restaurantcalpupinet.com\/es\/wp-json\/wp\/v2\/media\/6170"}],"wp:attachment":[{"href":"https:\/\/www.restaurantcalpupinet.com\/es\/wp-json\/wp\/v2\/media?parent=5225"}],"wp:term":[{"taxonomy":"category","embeddable":true,"href":"https:\/\/www.restaurantcalpupinet.com\/es\/wp-json\/wp\/v2\/categories?post=5225"},{"taxonomy":"post_tag","embeddable":true,"href":"https:\/\/www.restaurantcalpupinet.com\/es\/wp-json\/wp\/v2\/tags?post=5225"},{"taxonomy":"wf_post_folders","embeddable":true,"href":"https:\/\/www.restaurantcalpupinet.com\/es\/wp-json\/wp\/v2\/wf_post_folders?post=5225"}],"curies":[{"name":"wp","href":"https:\/\/api.w.org\/{rel}","templated":true}]}}